{"id":1992,"date":"2022-11-11T10:08:00","date_gmt":"2022-11-11T09:08:00","guid":{"rendered":"https:\/\/courdescomptes.preprod.io\/event\/the-first-president-of-the-court-of-accounts-meets-with-the-comptroller-and-auditor-general-of-the-united-states-on-the-sidelines-of-the-24th-international-conference-of-supreme-audit-institutions\/"},"modified":"2023-03-07T11:34:04","modified_gmt":"2023-03-07T10:34:04","slug":"the-first-president-of-the-court-of-accounts-meets-with-the-comptroller-and-auditor-general-of-the-united-states-on-the-sidelines-of-the-24th-international-conference-of-supreme-audit-institutions","status":"publish","type":"post","link":"https:\/\/www.courdescomptes.ma\/en\/news\/the-first-president-of-the-court-of-accounts-meets-with-the-comptroller-and-auditor-general-of-the-united-states-on-the-sidelines-of-the-24th-international-conference-of-supreme-audit-institutions\/","title":{"rendered":"The First President of the Court of Accounts meets with the Comptroller and Auditor General of the United States on the sidelines of the 24th International Conference of Supreme Audit Institutions"},"content":{"rendered":"\n<p>On Thursday, November 10, 2022, the First President of the Court of Accounts, Zineb EL ADAOUI, met with Eugene Louis Dodaro, Comptroller and Auditor General of the United States, on the sidelines of the 24th International Conference of Supreme Audit Institutions (INCOSAI), held from November 7 to 11 in Brazil.<\/p>\n\n\n\n<p>During this meeting, the two parties discussed several topics of common interest, particularly cooperation with African countries that have long-standing relations with Morocco and the United States.<\/p>\n\n\n\n<p>The two parties also agreed to establish a framework for cooperation and exchange of experiences in several areas, including the monitoring of major strategic reforms, the evaluation of programs with multiple stakeholders and funding (State, local authorities, institutions and public enterprises, public-private partnerships &#8230; etc.) as well as the effective implementation of recommendations to better serve citizens.<\/p>\n","protected":false},"excerpt":{"rendered":"<p>On Thursday, November 10, 2022, the First President of the Court of Accounts, Zineb EL ADAOUI, met with Eugene Louis Dodaro, Comptroller and Auditor General of the United States, on the sidelines of the 24th International Conference of Supreme Audit Institutions (INCOSAI), held from November 7 to 11 in Brazil. During this meeting, the two [&hellip;]<\/p>\n","protected":false},"author":1,"featured_media":1990,"comment_status":"closed","ping_status":"closed","sticky":false,"template":"","format":"standard","meta":{"_acf_changed":false,"footnotes":""},"categories":[40],"tags":[],"class_list":["post-1992","post","type-post","status-publish","format-standard","has-post-thumbnail","hentry","category-news"],"acf":[],"yoast_head":"<!-- This site is optimized with the Yoast SEO plugin v27.4 - https:\/\/yoast.com\/product\/yoast-seo-wordpress\/ -->\n<title>The First President of the Court of Accounts meets with the Comptroller and Auditor General of the United States on the sidelines of the 24th International Conference of Supreme Audit Institutions - Cour des comptes<\/title>\n<meta name=\"robots\" content=\"index, follow, max-snippet:-1, max-image-preview:large, max-video-preview:-1\" \/>\n<link rel=\"canonical\" href=\"https:\/\/www.courdescomptes.ma\/en\/news\/the-first-president-of-the-court-of-accounts-meets-with-the-comptroller-and-auditor-general-of-the-united-states-on-the-sidelines-of-the-24th-international-conference-of-supreme-audit-institutions\/\" \/>\n<meta property=\"og:locale\" content=\"en_US\" \/>\n<meta property=\"og:type\" content=\"article\" \/>\n<meta property=\"og:title\" content=\"The First President of the Court of Accounts meets with the Comptroller and Auditor General of the United States on the sidelines of the 24th International Conference of Supreme Audit Institutions - Cour des comptes\" \/>\n<meta property=\"og:description\" content=\"On Thursday, November 10, 2022, the First President of the Court of Accounts, Zineb EL ADAOUI, met with Eugene Louis Dodaro, Comptroller and Auditor General of the United States, on the sidelines of the 24th International Conference of Supreme Audit Institutions (INCOSAI), held from November 7 to 11 in Brazil. During this meeting, the two [&hellip;]\" \/>\n<meta property=\"og:url\" content=\"https:\/\/www.courdescomptes.ma\/en\/news\/the-first-president-of-the-court-of-accounts-meets-with-the-comptroller-and-auditor-general-of-the-united-states-on-the-sidelines-of-the-24th-international-conference-of-supreme-audit-institutions\/\" \/>\n<meta property=\"og:site_name\" content=\"Cour des comptes\" \/>\n<meta property=\"article:published_time\" content=\"2022-11-11T09:08:00+00:00\" \/>\n<meta property=\"article:modified_time\" content=\"2023-03-07T10:34:04+00:00\" \/>\n<meta property=\"og:image\" content=\"https:\/\/www.courdescomptes.ma\/wp-content\/uploads\/2023\/01\/Le-Premier-President-de-la-Cour-des-comptes-sentretient-avec-le-Controleur-et-lAuditeur-General-des-Etats-Unis.jpg\" \/>\n\t<meta property=\"og:image:width\" content=\"350\" \/>\n\t<meta property=\"og:image:height\" content=\"263\" \/>\n\t<meta property=\"og:image:type\" content=\"image\/jpeg\" \/>\n<meta name=\"author\" content=\"adminwvCdc7\" \/>\n<meta name=\"twitter:card\" content=\"summary_large_image\" \/>\n<meta name=\"twitter:label1\" content=\"Written by\" \/>\n\t<meta name=\"twitter:data1\" content=\"adminwvCdc7\" \/>\n\t<meta name=\"twitter:label2\" content=\"Est. reading time\" \/>\n\t<meta name=\"twitter:data2\" content=\"1 minute\" \/>\n<script type=\"application\/ld+json\" class=\"yoast-schema-graph\">{\"@context\":\"https:\\\/\\\/schema.org\",\"@graph\":[{\"@type\":\"Article\",\"@id\":\"https:\\\/\\\/www.courdescomptes.ma\\\/en\\\/news\\\/the-first-president-of-the-court-of-accounts-meets-with-the-comptroller-and-auditor-general-of-the-united-states-on-the-sidelines-of-the-24th-international-conference-of-supreme-audit-institutions\\\/#article\",\"isPartOf\":{\"@id\":\"https:\\\/\\\/www.courdescomptes.ma\\\/en\\\/news\\\/the-first-president-of-the-court-of-accounts-meets-with-the-comptroller-and-auditor-general-of-the-united-states-on-the-sidelines-of-the-24th-international-conference-of-supreme-audit-institutions\\\/\"},\"author\":{\"name\":\"adminwvCdc7\",\"@id\":\"https:\\\/\\\/www.courdescomptes.ma\\\/en\\\/#\\\/schema\\\/person\\\/c2d2b07e5900c84af5552ccc1ce5e346\"},\"headline\":\"The First President of the Court of Accounts meets with the Comptroller and Auditor General of the United States on the sidelines of the 24th International Conference of Supreme Audit Institutions\",\"datePublished\":\"2022-11-11T09:08:00+00:00\",\"dateModified\":\"2023-03-07T10:34:04+00:00\",\"mainEntityOfPage\":{\"@id\":\"https:\\\/\\\/www.courdescomptes.ma\\\/en\\\/news\\\/the-first-president-of-the-court-of-accounts-meets-with-the-comptroller-and-auditor-general-of-the-united-states-on-the-sidelines-of-the-24th-international-conference-of-supreme-audit-institutions\\\/\"},\"wordCount\":160,\"image\":{\"@id\":\"https:\\\/\\\/www.courdescomptes.ma\\\/en\\\/news\\\/the-first-president-of-the-court-of-accounts-meets-with-the-comptroller-and-auditor-general-of-the-united-states-on-the-sidelines-of-the-24th-international-conference-of-supreme-audit-institutions\\\/#primaryimage\"},\"thumbnailUrl\":\"https:\\\/\\\/www.courdescomptes.ma\\\/wp-content\\\/uploads\\\/2023\\\/01\\\/Le-Premier-President-de-la-Cour-des-comptes-sentretient-avec-le-Controleur-et-lAuditeur-General-des-Etats-Unis.jpg\",\"articleSection\":[\"News\"],\"inLanguage\":\"en-US\"},{\"@type\":\"WebPage\",\"@id\":\"https:\\\/\\\/www.courdescomptes.ma\\\/en\\\/news\\\/the-first-president-of-the-court-of-accounts-meets-with-the-comptroller-and-auditor-general-of-the-united-states-on-the-sidelines-of-the-24th-international-conference-of-supreme-audit-institutions\\\/\",\"url\":\"https:\\\/\\\/www.courdescomptes.ma\\\/en\\\/news\\\/the-first-president-of-the-court-of-accounts-meets-with-the-comptroller-and-auditor-general-of-the-united-states-on-the-sidelines-of-the-24th-international-conference-of-supreme-audit-institutions\\\/\",\"name\":\"The First President of the Court of Accounts meets with the Comptroller and Auditor General of the United States on the sidelines of the 24th International Conference of Supreme Audit Institutions - Cour des comptes\",\"isPartOf\":{\"@id\":\"https:\\\/\\\/www.courdescomptes.ma\\\/en\\\/#website\"},\"primaryImageOfPage\":{\"@id\":\"https:\\\/\\\/www.courdescomptes.ma\\\/en\\\/news\\\/the-first-president-of-the-court-of-accounts-meets-with-the-comptroller-and-auditor-general-of-the-united-states-on-the-sidelines-of-the-24th-international-conference-of-supreme-audit-institutions\\\/#primaryimage\"},\"image\":{\"@id\":\"https:\\\/\\\/www.courdescomptes.ma\\\/en\\\/news\\\/the-first-president-of-the-court-of-accounts-meets-with-the-comptroller-and-auditor-general-of-the-united-states-on-the-sidelines-of-the-24th-international-conference-of-supreme-audit-institutions\\\/#primaryimage\"},\"thumbnailUrl\":\"https:\\\/\\\/www.courdescomptes.ma\\\/wp-content\\\/uploads\\\/2023\\\/01\\\/Le-Premier-President-de-la-Cour-des-comptes-sentretient-avec-le-Controleur-et-lAuditeur-General-des-Etats-Unis.jpg\",\"datePublished\":\"2022-11-11T09:08:00+00:00\",\"dateModified\":\"2023-03-07T10:34:04+00:00\",\"author\":{\"@id\":\"https:\\\/\\\/www.courdescomptes.ma\\\/en\\\/#\\\/schema\\\/person\\\/c2d2b07e5900c84af5552ccc1ce5e346\"},\"breadcrumb\":{\"@id\":\"https:\\\/\\\/www.courdescomptes.ma\\\/en\\\/news\\\/the-first-president-of-the-court-of-accounts-meets-with-the-comptroller-and-auditor-general-of-the-united-states-on-the-sidelines-of-the-24th-international-conference-of-supreme-audit-institutions\\\/#breadcrumb\"},\"inLanguage\":\"en-US\",\"potentialAction\":[{\"@type\":\"ReadAction\",\"target\":[\"https:\\\/\\\/www.courdescomptes.ma\\\/en\\\/news\\\/the-first-president-of-the-court-of-accounts-meets-with-the-comptroller-and-auditor-general-of-the-united-states-on-the-sidelines-of-the-24th-international-conference-of-supreme-audit-institutions\\\/\"]}]},{\"@type\":\"ImageObject\",\"inLanguage\":\"en-US\",\"@id\":\"https:\\\/\\\/www.courdescomptes.ma\\\/en\\\/news\\\/the-first-president-of-the-court-of-accounts-meets-with-the-comptroller-and-auditor-general-of-the-united-states-on-the-sidelines-of-the-24th-international-conference-of-supreme-audit-institutions\\\/#primaryimage\",\"url\":\"https:\\\/\\\/www.courdescomptes.ma\\\/wp-content\\\/uploads\\\/2023\\\/01\\\/Le-Premier-President-de-la-Cour-des-comptes-sentretient-avec-le-Controleur-et-lAuditeur-General-des-Etats-Unis.jpg\",\"contentUrl\":\"https:\\\/\\\/www.courdescomptes.ma\\\/wp-content\\\/uploads\\\/2023\\\/01\\\/Le-Premier-President-de-la-Cour-des-comptes-sentretient-avec-le-Controleur-et-lAuditeur-General-des-Etats-Unis.jpg\",\"width\":350,\"height\":263,\"caption\":\"Le Premier Pr\u00e9sident de la Cour des comptes s'entretient avec le Contr\u00f4leur et l'Auditeur G\u00e9n\u00e9ral des \u00c9tats-Unis en marge de la 24\u00e8me Conf\u00e9rence internationale des institutions sup\u00e9rieures de contr\u00f4le\"},{\"@type\":\"BreadcrumbList\",\"@id\":\"https:\\\/\\\/www.courdescomptes.ma\\\/en\\\/news\\\/the-first-president-of-the-court-of-accounts-meets-with-the-comptroller-and-auditor-general-of-the-united-states-on-the-sidelines-of-the-24th-international-conference-of-supreme-audit-institutions\\\/#breadcrumb\",\"itemListElement\":[{\"@type\":\"ListItem\",\"position\":1,\"name\":\"Home\",\"item\":\"https:\\\/\\\/www.courdescomptes.ma\\\/en\\\/\"},{\"@type\":\"ListItem\",\"position\":2,\"name\":\"The First President of the Court of Accounts meets with the Comptroller and Auditor General of the United States on the sidelines of the 24th International Conference of Supreme Audit Institutions\"}]},{\"@type\":\"WebSite\",\"@id\":\"https:\\\/\\\/www.courdescomptes.ma\\\/en\\\/#website\",\"url\":\"https:\\\/\\\/www.courdescomptes.ma\\\/en\\\/\",\"name\":\"Cour des comptes\",\"description\":\"Orientations strat\u00e9giques\",\"potentialAction\":[{\"@type\":\"SearchAction\",\"target\":{\"@type\":\"EntryPoint\",\"urlTemplate\":\"https:\\\/\\\/www.courdescomptes.ma\\\/en\\\/?s={search_term_string}\"},\"query-input\":{\"@type\":\"PropertyValueSpecification\",\"valueRequired\":true,\"valueName\":\"search_term_string\"}}],\"inLanguage\":\"en-US\"},{\"@type\":\"Person\",\"@id\":\"https:\\\/\\\/www.courdescomptes.ma\\\/en\\\/#\\\/schema\\\/person\\\/c2d2b07e5900c84af5552ccc1ce5e346\",\"name\":\"adminwvCdc7\",\"image\":{\"@type\":\"ImageObject\",\"inLanguage\":\"en-US\",\"@id\":\"https:\\\/\\\/secure.gravatar.com\\\/avatar\\\/989b804208e3ed5eb190e213b0c9ef404355f67d5f7a21e7a582d4fcdd956bb3?s=96&d=mm&r=g\",\"url\":\"https:\\\/\\\/secure.gravatar.com\\\/avatar\\\/989b804208e3ed5eb190e213b0c9ef404355f67d5f7a21e7a582d4fcdd956bb3?s=96&d=mm&r=g\",\"contentUrl\":\"https:\\\/\\\/secure.gravatar.com\\\/avatar\\\/989b804208e3ed5eb190e213b0c9ef404355f67d5f7a21e7a582d4fcdd956bb3?s=96&d=mm&r=g\",\"caption\":\"adminwvCdc7\"},\"sameAs\":[\"http:\\\/\\\/www.courdescomptes.ma\"],\"url\":\"https:\\\/\\\/www.courdescomptes.ma\\\/en\\\/\"}]}<\/script>\n<!-- \/ Yoast SEO plugin. -->","yoast_head_json":{"title":"The First President of the Court of Accounts meets with the Comptroller and Auditor General of the United States on the sidelines of the 24th International Conference of Supreme Audit Institutions - Cour des comptes","robots":{"index":"index","follow":"follow","max-snippet":"max-snippet:-1","max-image-preview":"max-image-preview:large","max-video-preview":"max-video-preview:-1"},"canonical":"https:\/\/www.courdescomptes.ma\/en\/news\/the-first-president-of-the-court-of-accounts-meets-with-the-comptroller-and-auditor-general-of-the-united-states-on-the-sidelines-of-the-24th-international-conference-of-supreme-audit-institutions\/","og_locale":"en_US","og_type":"article","og_title":"The First President of the Court of Accounts meets with the Comptroller and Auditor General of the United States on the sidelines of the 24th International Conference of Supreme Audit Institutions - Cour des comptes","og_description":"On Thursday, November 10, 2022, the First President of the Court of Accounts, Zineb EL ADAOUI, met with Eugene Louis Dodaro, Comptroller and Auditor General of the United States, on the sidelines of the 24th International Conference of Supreme Audit Institutions (INCOSAI), held from November 7 to 11 in Brazil. During this meeting, the two [&hellip;]","og_url":"https:\/\/www.courdescomptes.ma\/en\/news\/the-first-president-of-the-court-of-accounts-meets-with-the-comptroller-and-auditor-general-of-the-united-states-on-the-sidelines-of-the-24th-international-conference-of-supreme-audit-institutions\/","og_site_name":"Cour des comptes","article_published_time":"2022-11-11T09:08:00+00:00","article_modified_time":"2023-03-07T10:34:04+00:00","og_image":[{"width":350,"height":263,"url":"https:\/\/www.courdescomptes.ma\/wp-content\/uploads\/2023\/01\/Le-Premier-President-de-la-Cour-des-comptes-sentretient-avec-le-Controleur-et-lAuditeur-General-des-Etats-Unis.jpg","type":"image\/jpeg"}],"author":"adminwvCdc7","twitter_card":"summary_large_image","twitter_misc":{"Written by":"adminwvCdc7","Est. reading time":"1 minute"},"schema":{"@context":"https:\/\/schema.org","@graph":[{"@type":"Article","@id":"https:\/\/www.courdescomptes.ma\/en\/news\/the-first-president-of-the-court-of-accounts-meets-with-the-comptroller-and-auditor-general-of-the-united-states-on-the-sidelines-of-the-24th-international-conference-of-supreme-audit-institutions\/#article","isPartOf":{"@id":"https:\/\/www.courdescomptes.ma\/en\/news\/the-first-president-of-the-court-of-accounts-meets-with-the-comptroller-and-auditor-general-of-the-united-states-on-the-sidelines-of-the-24th-international-conference-of-supreme-audit-institutions\/"},"author":{"name":"adminwvCdc7","@id":"https:\/\/www.courdescomptes.ma\/en\/#\/schema\/person\/c2d2b07e5900c84af5552ccc1ce5e346"},"headline":"The First President of the Court of Accounts meets with the Comptroller and Auditor General of the United States on the sidelines of the 24th International Conference of Supreme Audit Institutions","datePublished":"2022-11-11T09:08:00+00:00","dateModified":"2023-03-07T10:34:04+00:00","mainEntityOfPage":{"@id":"https:\/\/www.courdescomptes.ma\/en\/news\/the-first-president-of-the-court-of-accounts-meets-with-the-comptroller-and-auditor-general-of-the-united-states-on-the-sidelines-of-the-24th-international-conference-of-supreme-audit-institutions\/"},"wordCount":160,"image":{"@id":"https:\/\/www.courdescomptes.ma\/en\/news\/the-first-president-of-the-court-of-accounts-meets-with-the-comptroller-and-auditor-general-of-the-united-states-on-the-sidelines-of-the-24th-international-conference-of-supreme-audit-institutions\/#primaryimage"},"thumbnailUrl":"https:\/\/www.courdescomptes.ma\/wp-content\/uploads\/2023\/01\/Le-Premier-President-de-la-Cour-des-comptes-sentretient-avec-le-Controleur-et-lAuditeur-General-des-Etats-Unis.jpg","articleSection":["News"],"inLanguage":"en-US"},{"@type":"WebPage","@id":"https:\/\/www.courdescomptes.ma\/en\/news\/the-first-president-of-the-court-of-accounts-meets-with-the-comptroller-and-auditor-general-of-the-united-states-on-the-sidelines-of-the-24th-international-conference-of-supreme-audit-institutions\/","url":"https:\/\/www.courdescomptes.ma\/en\/news\/the-first-president-of-the-court-of-accounts-meets-with-the-comptroller-and-auditor-general-of-the-united-states-on-the-sidelines-of-the-24th-international-conference-of-supreme-audit-institutions\/","name":"The First President of the Court of Accounts meets with the Comptroller and Auditor General of the United States on the sidelines of the 24th International Conference of Supreme Audit Institutions - Cour des comptes","isPartOf":{"@id":"https:\/\/www.courdescomptes.ma\/en\/#website"},"primaryImageOfPage":{"@id":"https:\/\/www.courdescomptes.ma\/en\/news\/the-first-president-of-the-court-of-accounts-meets-with-the-comptroller-and-auditor-general-of-the-united-states-on-the-sidelines-of-the-24th-international-conference-of-supreme-audit-institutions\/#primaryimage"},"image":{"@id":"https:\/\/www.courdescomptes.ma\/en\/news\/the-first-president-of-the-court-of-accounts-meets-with-the-comptroller-and-auditor-general-of-the-united-states-on-the-sidelines-of-the-24th-international-conference-of-supreme-audit-institutions\/#primaryimage"},"thumbnailUrl":"https:\/\/www.courdescomptes.ma\/wp-content\/uploads\/2023\/01\/Le-Premier-President-de-la-Cour-des-comptes-sentretient-avec-le-Controleur-et-lAuditeur-General-des-Etats-Unis.jpg","datePublished":"2022-11-11T09:08:00+00:00","dateModified":"2023-03-07T10:34:04+00:00","author":{"@id":"https:\/\/www.courdescomptes.ma\/en\/#\/schema\/person\/c2d2b07e5900c84af5552ccc1ce5e346"},"breadcrumb":{"@id":"https:\/\/www.courdescomptes.ma\/en\/news\/the-first-president-of-the-court-of-accounts-meets-with-the-comptroller-and-auditor-general-of-the-united-states-on-the-sidelines-of-the-24th-international-conference-of-supreme-audit-institutions\/#breadcrumb"},"inLanguage":"en-US","potentialAction":[{"@type":"ReadAction","target":["https:\/\/www.courdescomptes.ma\/en\/news\/the-first-president-of-the-court-of-accounts-meets-with-the-comptroller-and-auditor-general-of-the-united-states-on-the-sidelines-of-the-24th-international-conference-of-supreme-audit-institutions\/"]}]},{"@type":"ImageObject","inLanguage":"en-US","@id":"https:\/\/www.courdescomptes.ma\/en\/news\/the-first-president-of-the-court-of-accounts-meets-with-the-comptroller-and-auditor-general-of-the-united-states-on-the-sidelines-of-the-24th-international-conference-of-supreme-audit-institutions\/#primaryimage","url":"https:\/\/www.courdescomptes.ma\/wp-content\/uploads\/2023\/01\/Le-Premier-President-de-la-Cour-des-comptes-sentretient-avec-le-Controleur-et-lAuditeur-General-des-Etats-Unis.jpg","contentUrl":"https:\/\/www.courdescomptes.ma\/wp-content\/uploads\/2023\/01\/Le-Premier-President-de-la-Cour-des-comptes-sentretient-avec-le-Controleur-et-lAuditeur-General-des-Etats-Unis.jpg","width":350,"height":263,"caption":"Le Premier Pr\u00e9sident de la Cour des comptes s'entretient avec le Contr\u00f4leur et l'Auditeur G\u00e9n\u00e9ral des \u00c9tats-Unis en marge de la 24\u00e8me Conf\u00e9rence internationale des institutions sup\u00e9rieures de contr\u00f4le"},{"@type":"BreadcrumbList","@id":"https:\/\/www.courdescomptes.ma\/en\/news\/the-first-president-of-the-court-of-accounts-meets-with-the-comptroller-and-auditor-general-of-the-united-states-on-the-sidelines-of-the-24th-international-conference-of-supreme-audit-institutions\/#breadcrumb","itemListElement":[{"@type":"ListItem","position":1,"name":"Home","item":"https:\/\/www.courdescomptes.ma\/en\/"},{"@type":"ListItem","position":2,"name":"The First President of the Court of Accounts meets with the Comptroller and Auditor General of the United States on the sidelines of the 24th International Conference of Supreme Audit Institutions"}]},{"@type":"WebSite","@id":"https:\/\/www.courdescomptes.ma\/en\/#website","url":"https:\/\/www.courdescomptes.ma\/en\/","name":"Cour des comptes","description":"Orientations strat\u00e9giques","potentialAction":[{"@type":"SearchAction","target":{"@type":"EntryPoint","urlTemplate":"https:\/\/www.courdescomptes.ma\/en\/?s={search_term_string}"},"query-input":{"@type":"PropertyValueSpecification","valueRequired":true,"valueName":"search_term_string"}}],"inLanguage":"en-US"},{"@type":"Person","@id":"https:\/\/www.courdescomptes.ma\/en\/#\/schema\/person\/c2d2b07e5900c84af5552ccc1ce5e346","name":"adminwvCdc7","image":{"@type":"ImageObject","inLanguage":"en-US","@id":"https:\/\/secure.gravatar.com\/avatar\/989b804208e3ed5eb190e213b0c9ef404355f67d5f7a21e7a582d4fcdd956bb3?s=96&d=mm&r=g","url":"https:\/\/secure.gravatar.com\/avatar\/989b804208e3ed5eb190e213b0c9ef404355f67d5f7a21e7a582d4fcdd956bb3?s=96&d=mm&r=g","contentUrl":"https:\/\/secure.gravatar.com\/avatar\/989b804208e3ed5eb190e213b0c9ef404355f67d5f7a21e7a582d4fcdd956bb3?s=96&d=mm&r=g","caption":"adminwvCdc7"},"sameAs":["http:\/\/www.courdescomptes.ma"],"url":"https:\/\/www.courdescomptes.ma\/en\/"}]}},"_links":{"self":[{"href":"https:\/\/www.courdescomptes.ma\/en\/wp-json\/wp\/v2\/posts\/1992","targetHints":{"allow":["GET"]}}],"collection":[{"href":"https:\/\/www.courdescomptes.ma\/en\/wp-json\/wp\/v2\/posts"}],"about":[{"href":"https:\/\/www.courdescomptes.ma\/en\/wp-json\/wp\/v2\/types\/post"}],"author":[{"embeddable":true,"href":"https:\/\/www.courdescomptes.ma\/en\/wp-json\/wp\/v2\/users\/1"}],"replies":[{"embeddable":true,"href":"https:\/\/www.courdescomptes.ma\/en\/wp-json\/wp\/v2\/comments?post=1992"}],"version-history":[{"count":0,"href":"https:\/\/www.courdescomptes.ma\/en\/wp-json\/wp\/v2\/posts\/1992\/revisions"}],"wp:featuredmedia":[{"embeddable":true,"href":"https:\/\/www.courdescomptes.ma\/en\/wp-json\/wp\/v2\/media\/1990"}],"wp:attachment":[{"href":"https:\/\/www.courdescomptes.ma\/en\/wp-json\/wp\/v2\/media?parent=1992"}],"wp:term":[{"taxonomy":"category","embeddable":true,"href":"https:\/\/www.courdescomptes.ma\/en\/wp-json\/wp\/v2\/categories?post=1992"},{"taxonomy":"post_tag","embeddable":true,"href":"https:\/\/www.courdescomptes.ma\/en\/wp-json\/wp\/v2\/tags?post=1992"}],"curies":[{"name":"wp","href":"https:\/\/api.w.org\/{rel}","templated":true}]}}