{"id":8892,"date":"2022-11-09T12:51:00","date_gmt":"2022-11-09T11:51:00","guid":{"rendered":"https:\/\/courdescomptes.preprod.io\/?p=8892"},"modified":"2023-03-07T11:28:29","modified_gmt":"2023-03-07T10:28:29","slug":"signing-of-a-memorandum-of-understanding-between-the-court-of-auditors-of-the-kingdom-of-morocco-and-the-court-of-auditors-of-the-union-of-brazil","status":"publish","type":"post","link":"https:\/\/www.courdescomptes.ma\/en\/news\/signing-of-a-memorandum-of-understanding-between-the-court-of-auditors-of-the-kingdom-of-morocco-and-the-court-of-auditors-of-the-union-of-brazil\/","title":{"rendered":"Signature of a memorandum of understanding between the Court of Accounts of the Kingdom of Morocco and Court of Accounts of the Union of Brazil"},"content":{"rendered":"\n<p>On Tuesday, November 9, 2022, Mrs. Zineb EL Adaoui, First President of the Court of Accounts, signed a Memorandum of Understanding with Mr. Bruno Dantas Nascimento, President of the Court of Accounts of the Union (TCU) of Brazil in parallel with the works of the 24th meeting of the Supreme Audit Institutions (INCOSAI) relating to the period from November 7 to 11, 2022.<\/p>\n\n\n\n<p>This memorandum is considered as a reference of cooperation and partnership allowing the exchange of knowledge and technical expertise between these two institutions, in order to improve the performance of control and use of public resources, and thus improve the quality of services of public administration.<\/p>\n","protected":false},"excerpt":{"rendered":"<p>On Tuesday, November 9, 2022, Mrs. Zineb EL Adaoui, First President of the Court of Accounts, signed a Memorandum of Understanding with Mr. Bruno Dantas Nascimento, President of the Court of Accounts of the Union (TCU) of Brazil in parallel with the works of the 24th meeting of the Supreme Audit Institutions (INCOSAI) relating to [&hellip;]<\/p>\n","protected":false},"author":1,"featured_media":1435,"comment_status":"closed","ping_status":"closed","sticky":false,"template":"","format":"standard","meta":{"_acf_changed":false,"footnotes":""},"categories":[40],"tags":[],"class_list":["post-8892","post","type-post","status-publish","format-standard","has-post-thumbnail","hentry","category-news"],"acf":[],"yoast_head":"<!-- This site is optimized with the Yoast SEO plugin v27.4 - https:\/\/yoast.com\/product\/yoast-seo-wordpress\/ -->\n<title>Signature of a memorandum of understanding between the Court of Accounts of the Kingdom of Morocco and Court of Accounts of the Union of Brazil - Cour des comptes<\/title>\n<meta name=\"robots\" content=\"index, follow, max-snippet:-1, max-image-preview:large, max-video-preview:-1\" \/>\n<link rel=\"canonical\" href=\"https:\/\/www.courdescomptes.ma\/en\/news\/signing-of-a-memorandum-of-understanding-between-the-court-of-auditors-of-the-kingdom-of-morocco-and-the-court-of-auditors-of-the-union-of-brazil\/\" \/>\n<meta property=\"og:locale\" content=\"en_US\" \/>\n<meta property=\"og:type\" content=\"article\" \/>\n<meta property=\"og:title\" content=\"Signature of a memorandum of understanding between the Court of Accounts of the Kingdom of Morocco and Court of Accounts of the Union of Brazil - Cour des comptes\" \/>\n<meta property=\"og:description\" content=\"On Tuesday, November 9, 2022, Mrs. Zineb EL Adaoui, First President of the Court of Accounts, signed a Memorandum of Understanding with Mr. Bruno Dantas Nascimento, President of the Court of Accounts of the Union (TCU) of Brazil in parallel with the works of the 24th meeting of the Supreme Audit Institutions (INCOSAI) relating to [&hellip;]\" \/>\n<meta property=\"og:url\" content=\"https:\/\/www.courdescomptes.ma\/en\/news\/signing-of-a-memorandum-of-understanding-between-the-court-of-auditors-of-the-kingdom-of-morocco-and-the-court-of-auditors-of-the-union-of-brazil\/\" \/>\n<meta property=\"og:site_name\" content=\"Cour des comptes\" \/>\n<meta property=\"article:published_time\" content=\"2022-11-09T11:51:00+00:00\" \/>\n<meta property=\"article:modified_time\" content=\"2023-03-07T10:28:29+00:00\" \/>\n<meta property=\"og:image\" content=\"https:\/\/www.courdescomptes.ma\/wp-content\/uploads\/2023\/01\/Signature-d-un-memorandum-d-entente-entre-la-Cour-des-Comptes-du-Royaume-du-Maroc-et-le-Tribunal-des-comptes-de-l-Union-du-Bresil.jpg\" \/>\n\t<meta property=\"og:image:width\" content=\"350\" \/>\n\t<meta property=\"og:image:height\" content=\"263\" \/>\n\t<meta property=\"og:image:type\" content=\"image\/jpeg\" \/>\n<meta name=\"author\" content=\"adminwvCdc7\" \/>\n<meta name=\"twitter:card\" content=\"summary_large_image\" \/>\n<meta name=\"twitter:label1\" content=\"Written by\" \/>\n\t<meta name=\"twitter:data1\" content=\"adminwvCdc7\" \/>\n\t<meta name=\"twitter:label2\" content=\"Est. reading time\" \/>\n\t<meta name=\"twitter:data2\" content=\"1 minute\" \/>\n<script type=\"application\/ld+json\" class=\"yoast-schema-graph\">{\"@context\":\"https:\\\/\\\/schema.org\",\"@graph\":[{\"@type\":\"Article\",\"@id\":\"https:\\\/\\\/www.courdescomptes.ma\\\/en\\\/news\\\/signing-of-a-memorandum-of-understanding-between-the-court-of-auditors-of-the-kingdom-of-morocco-and-the-court-of-auditors-of-the-union-of-brazil\\\/#article\",\"isPartOf\":{\"@id\":\"https:\\\/\\\/www.courdescomptes.ma\\\/en\\\/news\\\/signing-of-a-memorandum-of-understanding-between-the-court-of-auditors-of-the-kingdom-of-morocco-and-the-court-of-auditors-of-the-union-of-brazil\\\/\"},\"author\":{\"name\":\"adminwvCdc7\",\"@id\":\"https:\\\/\\\/www.courdescomptes.ma\\\/en\\\/#\\\/schema\\\/person\\\/c2d2b07e5900c84af5552ccc1ce5e346\"},\"headline\":\"Signature of a memorandum of understanding between the Court of Accounts of the Kingdom of Morocco and Court of Accounts of the Union of Brazil\",\"datePublished\":\"2022-11-09T11:51:00+00:00\",\"dateModified\":\"2023-03-07T10:28:29+00:00\",\"mainEntityOfPage\":{\"@id\":\"https:\\\/\\\/www.courdescomptes.ma\\\/en\\\/news\\\/signing-of-a-memorandum-of-understanding-between-the-court-of-auditors-of-the-kingdom-of-morocco-and-the-court-of-auditors-of-the-union-of-brazil\\\/\"},\"wordCount\":129,\"image\":{\"@id\":\"https:\\\/\\\/www.courdescomptes.ma\\\/en\\\/news\\\/signing-of-a-memorandum-of-understanding-between-the-court-of-auditors-of-the-kingdom-of-morocco-and-the-court-of-auditors-of-the-union-of-brazil\\\/#primaryimage\"},\"thumbnailUrl\":\"https:\\\/\\\/www.courdescomptes.ma\\\/wp-content\\\/uploads\\\/2023\\\/01\\\/Signature-d-un-memorandum-d-entente-entre-la-Cour-des-Comptes-du-Royaume-du-Maroc-et-le-Tribunal-des-comptes-de-l-Union-du-Bresil.jpg\",\"articleSection\":[\"News\"],\"inLanguage\":\"en-US\"},{\"@type\":\"WebPage\",\"@id\":\"https:\\\/\\\/www.courdescomptes.ma\\\/en\\\/news\\\/signing-of-a-memorandum-of-understanding-between-the-court-of-auditors-of-the-kingdom-of-morocco-and-the-court-of-auditors-of-the-union-of-brazil\\\/\",\"url\":\"https:\\\/\\\/www.courdescomptes.ma\\\/en\\\/news\\\/signing-of-a-memorandum-of-understanding-between-the-court-of-auditors-of-the-kingdom-of-morocco-and-the-court-of-auditors-of-the-union-of-brazil\\\/\",\"name\":\"Signature of a memorandum of understanding between the Court of Accounts of the Kingdom of Morocco and Court of Accounts of the Union of Brazil - Cour des comptes\",\"isPartOf\":{\"@id\":\"https:\\\/\\\/www.courdescomptes.ma\\\/en\\\/#website\"},\"primaryImageOfPage\":{\"@id\":\"https:\\\/\\\/www.courdescomptes.ma\\\/en\\\/news\\\/signing-of-a-memorandum-of-understanding-between-the-court-of-auditors-of-the-kingdom-of-morocco-and-the-court-of-auditors-of-the-union-of-brazil\\\/#primaryimage\"},\"image\":{\"@id\":\"https:\\\/\\\/www.courdescomptes.ma\\\/en\\\/news\\\/signing-of-a-memorandum-of-understanding-between-the-court-of-auditors-of-the-kingdom-of-morocco-and-the-court-of-auditors-of-the-union-of-brazil\\\/#primaryimage\"},\"thumbnailUrl\":\"https:\\\/\\\/www.courdescomptes.ma\\\/wp-content\\\/uploads\\\/2023\\\/01\\\/Signature-d-un-memorandum-d-entente-entre-la-Cour-des-Comptes-du-Royaume-du-Maroc-et-le-Tribunal-des-comptes-de-l-Union-du-Bresil.jpg\",\"datePublished\":\"2022-11-09T11:51:00+00:00\",\"dateModified\":\"2023-03-07T10:28:29+00:00\",\"author\":{\"@id\":\"https:\\\/\\\/www.courdescomptes.ma\\\/en\\\/#\\\/schema\\\/person\\\/c2d2b07e5900c84af5552ccc1ce5e346\"},\"breadcrumb\":{\"@id\":\"https:\\\/\\\/www.courdescomptes.ma\\\/en\\\/news\\\/signing-of-a-memorandum-of-understanding-between-the-court-of-auditors-of-the-kingdom-of-morocco-and-the-court-of-auditors-of-the-union-of-brazil\\\/#breadcrumb\"},\"inLanguage\":\"en-US\",\"potentialAction\":[{\"@type\":\"ReadAction\",\"target\":[\"https:\\\/\\\/www.courdescomptes.ma\\\/en\\\/news\\\/signing-of-a-memorandum-of-understanding-between-the-court-of-auditors-of-the-kingdom-of-morocco-and-the-court-of-auditors-of-the-union-of-brazil\\\/\"]}]},{\"@type\":\"ImageObject\",\"inLanguage\":\"en-US\",\"@id\":\"https:\\\/\\\/www.courdescomptes.ma\\\/en\\\/news\\\/signing-of-a-memorandum-of-understanding-between-the-court-of-auditors-of-the-kingdom-of-morocco-and-the-court-of-auditors-of-the-union-of-brazil\\\/#primaryimage\",\"url\":\"https:\\\/\\\/www.courdescomptes.ma\\\/wp-content\\\/uploads\\\/2023\\\/01\\\/Signature-d-un-memorandum-d-entente-entre-la-Cour-des-Comptes-du-Royaume-du-Maroc-et-le-Tribunal-des-comptes-de-l-Union-du-Bresil.jpg\",\"contentUrl\":\"https:\\\/\\\/www.courdescomptes.ma\\\/wp-content\\\/uploads\\\/2023\\\/01\\\/Signature-d-un-memorandum-d-entente-entre-la-Cour-des-Comptes-du-Royaume-du-Maroc-et-le-Tribunal-des-comptes-de-l-Union-du-Bresil.jpg\",\"width\":350,\"height\":263,\"caption\":\"Madame Zineb EL Adaoui, Premier Pr\u00e9sident de la Cour des comptes, a sign\u00e9 le mardi 9 novembre 2022, un M\u00e9morandum d\u2019Entente avec Monsieur Bruno Dantas Nascimento, pr\u00e9sident du Tribunal des comptes de l\u2019Union (TCU) du Br\u00e9sil en parall\u00e8le avec les travaux de la 24\u00e8me r\u00e9union des Institutions sup\u00e9rieures de contr\u00f4le (INCOSAI) relative \u00e0 la p\u00e9riode du 7 au 11 novembre 2022. La signature de ce m\u00e9morandum s\u2019est d\u00e9roul\u00e9e en pr\u00e9sence du Procureur g\u00e9n\u00e9ral du Roi pr\u00e8s la Cour des comptes, Brahim Ben Bih et de l\u2019ambassadeur du Maroc au Br\u00e9sil, Nabil Adghoghi. Ce m\u00e9morandum est consid\u00e9r\u00e9 telle une r\u00e9f\u00e9rence de coop\u00e9ration et de partenariat permettant d\u2019\u00e9changer des connaissances et de l'expertise technique entre ces deux institutions, afin d'am\u00e9liorer la performance du contr\u00f4le et l\u2019utilisation des ressources publiques, et ainsi am\u00e9liorer la qualit\u00e9 des services de l'administration publique.\"},{\"@type\":\"BreadcrumbList\",\"@id\":\"https:\\\/\\\/www.courdescomptes.ma\\\/en\\\/news\\\/signing-of-a-memorandum-of-understanding-between-the-court-of-auditors-of-the-kingdom-of-morocco-and-the-court-of-auditors-of-the-union-of-brazil\\\/#breadcrumb\",\"itemListElement\":[{\"@type\":\"ListItem\",\"position\":1,\"name\":\"Home\",\"item\":\"https:\\\/\\\/www.courdescomptes.ma\\\/en\\\/\"},{\"@type\":\"ListItem\",\"position\":2,\"name\":\"Signature of a memorandum of understanding between the Court of Accounts of the Kingdom of Morocco and Court of Accounts of the Union of Brazil\"}]},{\"@type\":\"WebSite\",\"@id\":\"https:\\\/\\\/www.courdescomptes.ma\\\/en\\\/#website\",\"url\":\"https:\\\/\\\/www.courdescomptes.ma\\\/en\\\/\",\"name\":\"Cour des comptes\",\"description\":\"Orientations strat\u00e9giques\",\"potentialAction\":[{\"@type\":\"SearchAction\",\"target\":{\"@type\":\"EntryPoint\",\"urlTemplate\":\"https:\\\/\\\/www.courdescomptes.ma\\\/en\\\/?s={search_term_string}\"},\"query-input\":{\"@type\":\"PropertyValueSpecification\",\"valueRequired\":true,\"valueName\":\"search_term_string\"}}],\"inLanguage\":\"en-US\"},{\"@type\":\"Person\",\"@id\":\"https:\\\/\\\/www.courdescomptes.ma\\\/en\\\/#\\\/schema\\\/person\\\/c2d2b07e5900c84af5552ccc1ce5e346\",\"name\":\"adminwvCdc7\",\"image\":{\"@type\":\"ImageObject\",\"inLanguage\":\"en-US\",\"@id\":\"https:\\\/\\\/secure.gravatar.com\\\/avatar\\\/989b804208e3ed5eb190e213b0c9ef404355f67d5f7a21e7a582d4fcdd956bb3?s=96&d=mm&r=g\",\"url\":\"https:\\\/\\\/secure.gravatar.com\\\/avatar\\\/989b804208e3ed5eb190e213b0c9ef404355f67d5f7a21e7a582d4fcdd956bb3?s=96&d=mm&r=g\",\"contentUrl\":\"https:\\\/\\\/secure.gravatar.com\\\/avatar\\\/989b804208e3ed5eb190e213b0c9ef404355f67d5f7a21e7a582d4fcdd956bb3?s=96&d=mm&r=g\",\"caption\":\"adminwvCdc7\"},\"sameAs\":[\"http:\\\/\\\/www.courdescomptes.ma\"],\"url\":\"https:\\\/\\\/www.courdescomptes.ma\\\/en\\\/\"}]}<\/script>\n<!-- \/ Yoast SEO plugin. -->","yoast_head_json":{"title":"Signature of a memorandum of understanding between the Court of Accounts of the Kingdom of Morocco and Court of Accounts of the Union of Brazil - Cour des comptes","robots":{"index":"index","follow":"follow","max-snippet":"max-snippet:-1","max-image-preview":"max-image-preview:large","max-video-preview":"max-video-preview:-1"},"canonical":"https:\/\/www.courdescomptes.ma\/en\/news\/signing-of-a-memorandum-of-understanding-between-the-court-of-auditors-of-the-kingdom-of-morocco-and-the-court-of-auditors-of-the-union-of-brazil\/","og_locale":"en_US","og_type":"article","og_title":"Signature of a memorandum of understanding between the Court of Accounts of the Kingdom of Morocco and Court of Accounts of the Union of Brazil - Cour des comptes","og_description":"On Tuesday, November 9, 2022, Mrs. Zineb EL Adaoui, First President of the Court of Accounts, signed a Memorandum of Understanding with Mr. Bruno Dantas Nascimento, President of the Court of Accounts of the Union (TCU) of Brazil in parallel with the works of the 24th meeting of the Supreme Audit Institutions (INCOSAI) relating to [&hellip;]","og_url":"https:\/\/www.courdescomptes.ma\/en\/news\/signing-of-a-memorandum-of-understanding-between-the-court-of-auditors-of-the-kingdom-of-morocco-and-the-court-of-auditors-of-the-union-of-brazil\/","og_site_name":"Cour des comptes","article_published_time":"2022-11-09T11:51:00+00:00","article_modified_time":"2023-03-07T10:28:29+00:00","og_image":[{"width":350,"height":263,"url":"https:\/\/www.courdescomptes.ma\/wp-content\/uploads\/2023\/01\/Signature-d-un-memorandum-d-entente-entre-la-Cour-des-Comptes-du-Royaume-du-Maroc-et-le-Tribunal-des-comptes-de-l-Union-du-Bresil.jpg","type":"image\/jpeg"}],"author":"adminwvCdc7","twitter_card":"summary_large_image","twitter_misc":{"Written by":"adminwvCdc7","Est. reading time":"1 minute"},"schema":{"@context":"https:\/\/schema.org","@graph":[{"@type":"Article","@id":"https:\/\/www.courdescomptes.ma\/en\/news\/signing-of-a-memorandum-of-understanding-between-the-court-of-auditors-of-the-kingdom-of-morocco-and-the-court-of-auditors-of-the-union-of-brazil\/#article","isPartOf":{"@id":"https:\/\/www.courdescomptes.ma\/en\/news\/signing-of-a-memorandum-of-understanding-between-the-court-of-auditors-of-the-kingdom-of-morocco-and-the-court-of-auditors-of-the-union-of-brazil\/"},"author":{"name":"adminwvCdc7","@id":"https:\/\/www.courdescomptes.ma\/en\/#\/schema\/person\/c2d2b07e5900c84af5552ccc1ce5e346"},"headline":"Signature of a memorandum of understanding between the Court of Accounts of the Kingdom of Morocco and Court of Accounts of the Union of Brazil","datePublished":"2022-11-09T11:51:00+00:00","dateModified":"2023-03-07T10:28:29+00:00","mainEntityOfPage":{"@id":"https:\/\/www.courdescomptes.ma\/en\/news\/signing-of-a-memorandum-of-understanding-between-the-court-of-auditors-of-the-kingdom-of-morocco-and-the-court-of-auditors-of-the-union-of-brazil\/"},"wordCount":129,"image":{"@id":"https:\/\/www.courdescomptes.ma\/en\/news\/signing-of-a-memorandum-of-understanding-between-the-court-of-auditors-of-the-kingdom-of-morocco-and-the-court-of-auditors-of-the-union-of-brazil\/#primaryimage"},"thumbnailUrl":"https:\/\/www.courdescomptes.ma\/wp-content\/uploads\/2023\/01\/Signature-d-un-memorandum-d-entente-entre-la-Cour-des-Comptes-du-Royaume-du-Maroc-et-le-Tribunal-des-comptes-de-l-Union-du-Bresil.jpg","articleSection":["News"],"inLanguage":"en-US"},{"@type":"WebPage","@id":"https:\/\/www.courdescomptes.ma\/en\/news\/signing-of-a-memorandum-of-understanding-between-the-court-of-auditors-of-the-kingdom-of-morocco-and-the-court-of-auditors-of-the-union-of-brazil\/","url":"https:\/\/www.courdescomptes.ma\/en\/news\/signing-of-a-memorandum-of-understanding-between-the-court-of-auditors-of-the-kingdom-of-morocco-and-the-court-of-auditors-of-the-union-of-brazil\/","name":"Signature of a memorandum of understanding between the Court of Accounts of the Kingdom of Morocco and Court of Accounts of the Union of Brazil - Cour des comptes","isPartOf":{"@id":"https:\/\/www.courdescomptes.ma\/en\/#website"},"primaryImageOfPage":{"@id":"https:\/\/www.courdescomptes.ma\/en\/news\/signing-of-a-memorandum-of-understanding-between-the-court-of-auditors-of-the-kingdom-of-morocco-and-the-court-of-auditors-of-the-union-of-brazil\/#primaryimage"},"image":{"@id":"https:\/\/www.courdescomptes.ma\/en\/news\/signing-of-a-memorandum-of-understanding-between-the-court-of-auditors-of-the-kingdom-of-morocco-and-the-court-of-auditors-of-the-union-of-brazil\/#primaryimage"},"thumbnailUrl":"https:\/\/www.courdescomptes.ma\/wp-content\/uploads\/2023\/01\/Signature-d-un-memorandum-d-entente-entre-la-Cour-des-Comptes-du-Royaume-du-Maroc-et-le-Tribunal-des-comptes-de-l-Union-du-Bresil.jpg","datePublished":"2022-11-09T11:51:00+00:00","dateModified":"2023-03-07T10:28:29+00:00","author":{"@id":"https:\/\/www.courdescomptes.ma\/en\/#\/schema\/person\/c2d2b07e5900c84af5552ccc1ce5e346"},"breadcrumb":{"@id":"https:\/\/www.courdescomptes.ma\/en\/news\/signing-of-a-memorandum-of-understanding-between-the-court-of-auditors-of-the-kingdom-of-morocco-and-the-court-of-auditors-of-the-union-of-brazil\/#breadcrumb"},"inLanguage":"en-US","potentialAction":[{"@type":"ReadAction","target":["https:\/\/www.courdescomptes.ma\/en\/news\/signing-of-a-memorandum-of-understanding-between-the-court-of-auditors-of-the-kingdom-of-morocco-and-the-court-of-auditors-of-the-union-of-brazil\/"]}]},{"@type":"ImageObject","inLanguage":"en-US","@id":"https:\/\/www.courdescomptes.ma\/en\/news\/signing-of-a-memorandum-of-understanding-between-the-court-of-auditors-of-the-kingdom-of-morocco-and-the-court-of-auditors-of-the-union-of-brazil\/#primaryimage","url":"https:\/\/www.courdescomptes.ma\/wp-content\/uploads\/2023\/01\/Signature-d-un-memorandum-d-entente-entre-la-Cour-des-Comptes-du-Royaume-du-Maroc-et-le-Tribunal-des-comptes-de-l-Union-du-Bresil.jpg","contentUrl":"https:\/\/www.courdescomptes.ma\/wp-content\/uploads\/2023\/01\/Signature-d-un-memorandum-d-entente-entre-la-Cour-des-Comptes-du-Royaume-du-Maroc-et-le-Tribunal-des-comptes-de-l-Union-du-Bresil.jpg","width":350,"height":263,"caption":"Madame Zineb EL Adaoui, Premier Pr\u00e9sident de la Cour des comptes, a sign\u00e9 le mardi 9 novembre 2022, un M\u00e9morandum d\u2019Entente avec Monsieur Bruno Dantas Nascimento, pr\u00e9sident du Tribunal des comptes de l\u2019Union (TCU) du Br\u00e9sil en parall\u00e8le avec les travaux de la 24\u00e8me r\u00e9union des Institutions sup\u00e9rieures de contr\u00f4le (INCOSAI) relative \u00e0 la p\u00e9riode du 7 au 11 novembre 2022. La signature de ce m\u00e9morandum s\u2019est d\u00e9roul\u00e9e en pr\u00e9sence du Procureur g\u00e9n\u00e9ral du Roi pr\u00e8s la Cour des comptes, Brahim Ben Bih et de l\u2019ambassadeur du Maroc au Br\u00e9sil, Nabil Adghoghi. Ce m\u00e9morandum est consid\u00e9r\u00e9 telle une r\u00e9f\u00e9rence de coop\u00e9ration et de partenariat permettant d\u2019\u00e9changer des connaissances et de l'expertise technique entre ces deux institutions, afin d'am\u00e9liorer la performance du contr\u00f4le et l\u2019utilisation des ressources publiques, et ainsi am\u00e9liorer la qualit\u00e9 des services de l'administration publique."},{"@type":"BreadcrumbList","@id":"https:\/\/www.courdescomptes.ma\/en\/news\/signing-of-a-memorandum-of-understanding-between-the-court-of-auditors-of-the-kingdom-of-morocco-and-the-court-of-auditors-of-the-union-of-brazil\/#breadcrumb","itemListElement":[{"@type":"ListItem","position":1,"name":"Home","item":"https:\/\/www.courdescomptes.ma\/en\/"},{"@type":"ListItem","position":2,"name":"Signature of a memorandum of understanding between the Court of Accounts of the Kingdom of Morocco and Court of Accounts of the Union of Brazil"}]},{"@type":"WebSite","@id":"https:\/\/www.courdescomptes.ma\/en\/#website","url":"https:\/\/www.courdescomptes.ma\/en\/","name":"Cour des comptes","description":"Orientations strat\u00e9giques","potentialAction":[{"@type":"SearchAction","target":{"@type":"EntryPoint","urlTemplate":"https:\/\/www.courdescomptes.ma\/en\/?s={search_term_string}"},"query-input":{"@type":"PropertyValueSpecification","valueRequired":true,"valueName":"search_term_string"}}],"inLanguage":"en-US"},{"@type":"Person","@id":"https:\/\/www.courdescomptes.ma\/en\/#\/schema\/person\/c2d2b07e5900c84af5552ccc1ce5e346","name":"adminwvCdc7","image":{"@type":"ImageObject","inLanguage":"en-US","@id":"https:\/\/secure.gravatar.com\/avatar\/989b804208e3ed5eb190e213b0c9ef404355f67d5f7a21e7a582d4fcdd956bb3?s=96&d=mm&r=g","url":"https:\/\/secure.gravatar.com\/avatar\/989b804208e3ed5eb190e213b0c9ef404355f67d5f7a21e7a582d4fcdd956bb3?s=96&d=mm&r=g","contentUrl":"https:\/\/secure.gravatar.com\/avatar\/989b804208e3ed5eb190e213b0c9ef404355f67d5f7a21e7a582d4fcdd956bb3?s=96&d=mm&r=g","caption":"adminwvCdc7"},"sameAs":["http:\/\/www.courdescomptes.ma"],"url":"https:\/\/www.courdescomptes.ma\/en\/"}]}},"_links":{"self":[{"href":"https:\/\/www.courdescomptes.ma\/en\/wp-json\/wp\/v2\/posts\/8892","targetHints":{"allow":["GET"]}}],"collection":[{"href":"https:\/\/www.courdescomptes.ma\/en\/wp-json\/wp\/v2\/posts"}],"about":[{"href":"https:\/\/www.courdescomptes.ma\/en\/wp-json\/wp\/v2\/types\/post"}],"author":[{"embeddable":true,"href":"https:\/\/www.courdescomptes.ma\/en\/wp-json\/wp\/v2\/users\/1"}],"replies":[{"embeddable":true,"href":"https:\/\/www.courdescomptes.ma\/en\/wp-json\/wp\/v2\/comments?post=8892"}],"version-history":[{"count":0,"href":"https:\/\/www.courdescomptes.ma\/en\/wp-json\/wp\/v2\/posts\/8892\/revisions"}],"wp:featuredmedia":[{"embeddable":true,"href":"https:\/\/www.courdescomptes.ma\/en\/wp-json\/wp\/v2\/media\/1435"}],"wp:attachment":[{"href":"https:\/\/www.courdescomptes.ma\/en\/wp-json\/wp\/v2\/media?parent=8892"}],"wp:term":[{"taxonomy":"category","embeddable":true,"href":"https:\/\/www.courdescomptes.ma\/en\/wp-json\/wp\/v2\/categories?post=8892"},{"taxonomy":"post_tag","embeddable":true,"href":"https:\/\/www.courdescomptes.ma\/en\/wp-json\/wp\/v2\/tags?post=8892"}],"curies":[{"name":"wp","href":"https:\/\/api.w.org\/{rel}","templated":true}]}}